{"id":250,"date":"2026-09-01T12:04:58","date_gmt":"2026-09-01T10:04:58","guid":{"rendered":"https:\/\/lareparerie.fr\/?p=250"},"modified":"2026-09-01T12:36:45","modified_gmt":"2026-09-01T10:36:45","slug":"journees-nationales-de-la-reparation-2026","status":"publish","type":"post","link":"https:\/\/lareparerie.fr\/index.php\/2026\/09\/01\/journees-nationales-de-la-reparation-2026\/","title":{"rendered":"Journ\u00e9es Nationales de la R\u00e9paration 2026"},"content":{"rendered":"\n<p class=\"has-background wp-block-paragraph\" style=\"background:linear-gradient(135deg,rgb(153,214,255) 0%,rgb(254,224,136) 100%)\">La R\u00e9parerie f\u00eate les \u00ab\u00a0JNR\u00a0\u00bb 2026 avec des ateliers \u00e0 l&rsquo;Arande de Saint-Julien-en-Genevois.<\/p>\n\n\n\n<p class=\"has-background wp-block-paragraph\" style=\"background:linear-gradient(135deg,rgb(153,214,255) 0%,rgb(254,224,136) 100%)\">De la r\u00e9paration, mais pas que !<br>Activit\u00e9s gratuites : r\u00e9paration \ud83e\uddf0, d\u00e9couvertes \ud83d\udd0e, d\u00e9monstrations \ud83d\udcf9, ateliers Linux\ud83d\udc27&#8230;<\/p>\n\n\n\n<p class=\"has-background wp-block-paragraph\" style=\"background:linear-gradient(135deg,rgb(153,214,255) 0%,rgb(254,224,136) 100%)\">Les vendredi <strong>16<\/strong>, samedi <strong>17<\/strong> et dimanche <strong>18 octobre 2026<\/strong>.<\/p>\n\n\n\n<p class=\"has-background wp-block-paragraph\" style=\"background:linear-gradient(135deg,rgb(243,117,92) 0%,rgb(254,224,136) 100%)\"> Plus d&rsquo;informations \u00e0 venir, cette page sera mise \u00e0 jour. \ud83d\udc77\u200d\u2642\ufe0f<\/p>\n\n\n\n<p class=\"has-background wp-block-paragraph\" style=\"background:linear-gradient(135deg,rgb(243,117,92) 0%,rgb(254,224,136) 100%)\">Le programme complet sera d\u00e9voil\u00e9 au fur et \u00e0 mesure \ud83d\uddd3\ufe0f<\/p>\n\n\n\n<figure class=\"wp-block-image size-large\"><img loading=\"lazy\" decoding=\"async\" width=\"1024\" height=\"576\" src=\"https:\/\/lareparerie.fr\/wp-content\/uploads\/2026\/09\/UYKwsLI-_ZAy-1024x576.png\" alt=\"\" class=\"wp-image-251\" srcset=\"https:\/\/lareparerie.fr\/wp-content\/uploads\/2026\/09\/UYKwsLI-_ZAy-1024x576.png 1024w, https:\/\/lareparerie.fr\/wp-content\/uploads\/2026\/09\/UYKwsLI-_ZAy-300x169.png 300w, https:\/\/lareparerie.fr\/wp-content\/uploads\/2026\/09\/UYKwsLI-_ZAy-768x432.png 768w, https:\/\/lareparerie.fr\/wp-content\/uploads\/2026\/09\/UYKwsLI-_ZAy-1536x864.png 1536w, https:\/\/lareparerie.fr\/wp-content\/uploads\/2026\/09\/UYKwsLI-_ZAy.png 1920w\" sizes=\"auto, (max-width: 1024px) 100vw, 1024px\" \/><\/figure>\n\n\n\n<p class=\"wp-block-paragraph\">Voir aussi : <a href=\"https:\/\/journeesreparation.fr\">https:\/\/journeesreparation.fr<\/a><\/p>\n","protected":false},"excerpt":{"rendered":"<p>La R\u00e9parerie f\u00eate les \u00ab\u00a0JNR\u00a0\u00bb 2026 avec des ateliers \u00e0 l&rsquo;Arande de Saint-Julien-en-Genevois. De la r\u00e9paration, mais pas que !Activit\u00e9s gratuites : r\u00e9paration \ud83e\uddf0, d\u00e9couvertes \ud83d\udd0e, d\u00e9monstrations \ud83d\udcf9, ateliers Linux\ud83d\udc27&#8230; Les vendredi 16, samedi 17 et dimanche 18 octobre 2026. Plus d&rsquo;informations \u00e0 venir, cette page sera mise \u00e0 jour. \ud83d\udc77\u200d\u2642\ufe0f Le programme complet sera [&hellip;]<\/p>\n","protected":false},"author":1,"featured_media":251,"comment_status":"open","ping_status":"open","sticky":false,"template":"","format":"standard","meta":{"footnotes":""},"categories":[16],"tags":[19,14,18],"class_list":["post-250","post","type-post","status-publish","format-standard","has-post-thumbnail","hentry","category-evenements","tag-19","tag-jnr","tag-journees-nationales-de-la-reparation"],"_links":{"self":[{"href":"https:\/\/lareparerie.fr\/index.php\/wp-json\/wp\/v2\/posts\/250","targetHints":{"allow":["GET"]}}],"collection":[{"href":"https:\/\/lareparerie.fr\/index.php\/wp-json\/wp\/v2\/posts"}],"about":[{"href":"https:\/\/lareparerie.fr\/index.php\/wp-json\/wp\/v2\/types\/post"}],"author":[{"embeddable":true,"href":"https:\/\/lareparerie.fr\/index.php\/wp-json\/wp\/v2\/users\/1"}],"replies":[{"embeddable":true,"href":"https:\/\/lareparerie.fr\/index.php\/wp-json\/wp\/v2\/comments?post=250"}],"version-history":[{"count":4,"href":"https:\/\/lareparerie.fr\/index.php\/wp-json\/wp\/v2\/posts\/250\/revisions"}],"predecessor-version":[{"id":256,"href":"https:\/\/lareparerie.fr\/index.php\/wp-json\/wp\/v2\/posts\/250\/revisions\/256"}],"wp:featuredmedia":[{"embeddable":true,"href":"https:\/\/lareparerie.fr\/index.php\/wp-json\/wp\/v2\/media\/251"}],"wp:attachment":[{"href":"https:\/\/lareparerie.fr\/index.php\/wp-json\/wp\/v2\/media?parent=250"}],"wp:term":[{"taxonomy":"category","embeddable":true,"href":"https:\/\/lareparerie.fr\/index.php\/wp-json\/wp\/v2\/categories?post=250"},{"taxonomy":"post_tag","embeddable":true,"href":"https:\/\/lareparerie.fr\/index.php\/wp-json\/wp\/v2\/tags?post=250"}],"curies":[{"name":"wp","href":"https:\/\/api.w.org\/{rel}","templated":true}]}}