{"id":147,"date":"2025-03-12T20:27:31","date_gmt":"2025-03-12T19:27:31","guid":{"rendered":"https:\/\/lareparerie.fr\/?p=147"},"modified":"2025-03-12T20:28:05","modified_gmt":"2025-03-12T19:28:05","slug":"deuxieme-edition-des-printemps-de-la-reparation","status":"publish","type":"post","link":"https:\/\/lareparerie.fr\/index.php\/2025\/03\/12\/deuxieme-edition-des-printemps-de-la-reparation\/","title":{"rendered":"Deuxi\u00e8me \u00e9dition des Printemps de la R\u00e9paration"},"content":{"rendered":"\n<p>\ud83c\udf89 Cette ann\u00e9e encore, la r\u00e9paration sera c\u00e9l\u00e9br\u00e9e avec son <strong>2\u00e8me Printemps<\/strong>, en partenariat avec la Mairie de Saint-Julien-en-Genevois et la Maison des Habitants.<\/p>\n\n\n\n<p>\ud83d\udee0\ufe0f Cet \u00e9v\u00e9nement a \u00e9t\u00e9 couronn\u00e9 de succ\u00e8s <strong>l&rsquo;ann\u00e9e derni\u00e8re avec 105 objets<\/strong> apport\u00e9s et examin\u00e9s par les r\u00e9parateurs, magiciens, b\u00e9n\u00e9voles, professionnels, r\u00e9parant 74% d&rsquo;entre eux et \u00e9vitant plus de <strong>270 kg<\/strong> de d\u00e9chets.<\/p>\n\n\n\n<p>\ud83e\udd1d Cette ann\u00e9e encore, venez nombreux, et remercions ensemble tous les acteurs et associations qui nous entourent pour promouvoir l&rsquo;action !<\/p>\n\n\n\n<p>\ud83d\uddd3\ufe0f Rendez-vous les <strong>3 et 4 mai \u00e0 l&rsquo;Arande<\/strong>.<\/p>\n\n\n\n<figure class=\"wp-block-image size-full\"><img loading=\"lazy\" decoding=\"async\" width=\"758\" height=\"596\" src=\"https:\/\/lareparerie.fr\/wp-content\/uploads\/2025\/03\/Banner.png\" alt=\"\" class=\"wp-image-148\" srcset=\"https:\/\/lareparerie.fr\/wp-content\/uploads\/2025\/03\/Banner.png 758w, https:\/\/lareparerie.fr\/wp-content\/uploads\/2025\/03\/Banner-300x236.png 300w\" sizes=\"auto, (max-width: 758px) 100vw, 758px\" \/><\/figure>\n","protected":false},"excerpt":{"rendered":"<p>\ud83c\udf89 Cette ann\u00e9e encore, la r\u00e9paration sera c\u00e9l\u00e9br\u00e9e avec son 2\u00e8me Printemps, en partenariat avec la Mairie de Saint-Julien-en-Genevois et la Maison des Habitants. \ud83d\udee0\ufe0f Cet \u00e9v\u00e9nement a \u00e9t\u00e9 couronn\u00e9 de succ\u00e8s l&rsquo;ann\u00e9e derni\u00e8re avec 105 objets apport\u00e9s et examin\u00e9s par les r\u00e9parateurs, magiciens, b\u00e9n\u00e9voles, professionnels, r\u00e9parant 74% d&rsquo;entre eux et \u00e9vitant plus de 270 [&hellip;]<\/p>\n","protected":false},"author":1,"featured_media":148,"comment_status":"open","ping_status":"open","sticky":false,"template":"","format":"standard","meta":{"footnotes":""},"categories":[16],"tags":[],"class_list":["post-147","post","type-post","status-publish","format-standard","has-post-thumbnail","hentry","category-evenements"],"_links":{"self":[{"href":"https:\/\/lareparerie.fr\/index.php\/wp-json\/wp\/v2\/posts\/147","targetHints":{"allow":["GET"]}}],"collection":[{"href":"https:\/\/lareparerie.fr\/index.php\/wp-json\/wp\/v2\/posts"}],"about":[{"href":"https:\/\/lareparerie.fr\/index.php\/wp-json\/wp\/v2\/types\/post"}],"author":[{"embeddable":true,"href":"https:\/\/lareparerie.fr\/index.php\/wp-json\/wp\/v2\/users\/1"}],"replies":[{"embeddable":true,"href":"https:\/\/lareparerie.fr\/index.php\/wp-json\/wp\/v2\/comments?post=147"}],"version-history":[{"count":1,"href":"https:\/\/lareparerie.fr\/index.php\/wp-json\/wp\/v2\/posts\/147\/revisions"}],"predecessor-version":[{"id":149,"href":"https:\/\/lareparerie.fr\/index.php\/wp-json\/wp\/v2\/posts\/147\/revisions\/149"}],"wp:featuredmedia":[{"embeddable":true,"href":"https:\/\/lareparerie.fr\/index.php\/wp-json\/wp\/v2\/media\/148"}],"wp:attachment":[{"href":"https:\/\/lareparerie.fr\/index.php\/wp-json\/wp\/v2\/media?parent=147"}],"wp:term":[{"taxonomy":"category","embeddable":true,"href":"https:\/\/lareparerie.fr\/index.php\/wp-json\/wp\/v2\/categories?post=147"},{"taxonomy":"post_tag","embeddable":true,"href":"https:\/\/lareparerie.fr\/index.php\/wp-json\/wp\/v2\/tags?post=147"}],"curies":[{"name":"wp","href":"https:\/\/api.w.org\/{rel}","templated":true}]}}