{"id":142,"date":"2025-03-12T19:55:39","date_gmt":"2025-03-12T18:55:39","guid":{"rendered":"https:\/\/lareparerie.fr\/?p=142"},"modified":"2025-03-16T22:30:27","modified_gmt":"2025-03-16T21:30:27","slug":"la-reparerie-change-de-salle","status":"publish","type":"post","link":"https:\/\/lareparerie.fr\/index.php\/2025\/03\/12\/la-reparerie-change-de-salle\/","title":{"rendered":"\u26a0\ufe0fLa R\u00e9parerie change de salle &#8211; nouveaux horaires"},"content":{"rendered":"\n<p>Votre association change d&rsquo;\u00e9tage \u00e0 l&rsquo;Arande.<\/p>\n\n\n\n<p>4\ufe0f\u20e3 Retrouvons-nous d\u00e9sormais au <strong>4\u00e8me \u00e9tage de l&rsquo;Arande<\/strong> dans la salle <strong>Le Fier<\/strong> pour toujours plus de r\u00e9parations et d&rsquo;\u00e9changes !<\/p>\n\n\n\n<p>\u2600\ufe0f Nous b\u00e9n\u00e9ficions alors d&rsquo;un plus grand espace, d&rsquo;une meilleur luminosit\u00e9, et d&rsquo;un ext\u00e9rieur l&rsquo;\u00e9t\u00e9.<\/p>\n\n\n\n<p>Au plaisir de s&rsquo;y retrouver, chaque <strong>mercredi<\/strong> et chaque <strong>jeudi<\/strong>, de <strong>18h \u00e0 20h<\/strong>.<\/p>\n\n\n\n<p><\/p>\n\n\n\n<figure class=\"wp-block-image size-large\"><img loading=\"lazy\" decoding=\"async\" width=\"684\" height=\"1024\" src=\"https:\/\/lareparerie.fr\/wp-content\/uploads\/2025\/03\/20250311-Le-Fier-Logo-684x1024.jpg\" alt=\"\" class=\"wp-image-145\" srcset=\"https:\/\/lareparerie.fr\/wp-content\/uploads\/2025\/03\/20250311-Le-Fier-Logo-684x1024.jpg 684w, https:\/\/lareparerie.fr\/wp-content\/uploads\/2025\/03\/20250311-Le-Fier-Logo-200x300.jpg 200w, https:\/\/lareparerie.fr\/wp-content\/uploads\/2025\/03\/20250311-Le-Fier-Logo-768x1150.jpg 768w, https:\/\/lareparerie.fr\/wp-content\/uploads\/2025\/03\/20250311-Le-Fier-Logo-1026x1536.jpg 1026w, https:\/\/lareparerie.fr\/wp-content\/uploads\/2025\/03\/20250311-Le-Fier-Logo.jpg 1366w\" sizes=\"auto, (max-width: 684px) 100vw, 684px\" \/><\/figure>\n","protected":false},"excerpt":{"rendered":"<p>Votre association change d&rsquo;\u00e9tage \u00e0 l&rsquo;Arande. 4\ufe0f\u20e3 Retrouvons-nous d\u00e9sormais au 4\u00e8me \u00e9tage de l&rsquo;Arande dans la salle Le Fier pour toujours plus de r\u00e9parations et d&rsquo;\u00e9changes ! \u2600\ufe0f Nous b\u00e9n\u00e9ficions alors d&rsquo;un plus grand espace, d&rsquo;une meilleur luminosit\u00e9, et d&rsquo;un ext\u00e9rieur l&rsquo;\u00e9t\u00e9. Au plaisir de s&rsquo;y retrouver, chaque mercredi et chaque jeudi, de 18h \u00e0 [&hellip;]<\/p>\n","protected":false},"author":1,"featured_media":153,"comment_status":"open","ping_status":"open","sticky":false,"template":"","format":"standard","meta":{"footnotes":""},"categories":[15],"tags":[],"class_list":["post-142","post","type-post","status-publish","format-standard","has-post-thumbnail","hentry","category-permanences"],"_links":{"self":[{"href":"https:\/\/lareparerie.fr\/index.php\/wp-json\/wp\/v2\/posts\/142","targetHints":{"allow":["GET"]}}],"collection":[{"href":"https:\/\/lareparerie.fr\/index.php\/wp-json\/wp\/v2\/posts"}],"about":[{"href":"https:\/\/lareparerie.fr\/index.php\/wp-json\/wp\/v2\/types\/post"}],"author":[{"embeddable":true,"href":"https:\/\/lareparerie.fr\/index.php\/wp-json\/wp\/v2\/users\/1"}],"replies":[{"embeddable":true,"href":"https:\/\/lareparerie.fr\/index.php\/wp-json\/wp\/v2\/comments?post=142"}],"version-history":[{"count":5,"href":"https:\/\/lareparerie.fr\/index.php\/wp-json\/wp\/v2\/posts\/142\/revisions"}],"predecessor-version":[{"id":155,"href":"https:\/\/lareparerie.fr\/index.php\/wp-json\/wp\/v2\/posts\/142\/revisions\/155"}],"wp:featuredmedia":[{"embeddable":true,"href":"https:\/\/lareparerie.fr\/index.php\/wp-json\/wp\/v2\/media\/153"}],"wp:attachment":[{"href":"https:\/\/lareparerie.fr\/index.php\/wp-json\/wp\/v2\/media?parent=142"}],"wp:term":[{"taxonomy":"category","embeddable":true,"href":"https:\/\/lareparerie.fr\/index.php\/wp-json\/wp\/v2\/categories?post=142"},{"taxonomy":"post_tag","embeddable":true,"href":"https:\/\/lareparerie.fr\/index.php\/wp-json\/wp\/v2\/tags?post=142"}],"curies":[{"name":"wp","href":"https:\/\/api.w.org\/{rel}","templated":true}]}}